{"id":17213,"date":"2025-11-14T08:51:00","date_gmt":"2025-11-14T07:51:00","guid":{"rendered":"https:\/\/frangoal.com\/es\/?p=17213"},"modified":"2025-11-14T09:23:09","modified_gmt":"2025-11-14T08:23:09","slug":"el-colegio-frangoal-a-la-vanguardia-de-la-salud-mental","status":"publish","type":"post","link":"https:\/\/frangoal.com\/es\/el-colegio-frangoal-a-la-vanguardia-de-la-salud-mental","title":{"rendered":"El Colegio Frangoal, a la vanguardia de la Salud Mental"},"content":{"rendered":"<p data-path-to-node=\"3\"><b>Una alianza estrat\u00e9gica con la Fundaci\u00f3 Orienta para el bienestar emocional de ni\u00f1os y j\u00f3venes.<\/b><\/p>\n<p data-path-to-node=\"4\">Nuestro centro se ha destacado recientemente como participante activo y comprometido en el programa <b>\u00abEscoles Conscients\u00bb (Escuelas Conscientes)<\/b>, una iniciativa pionera promovida por la <b>Fundaci\u00f3 Orienta<\/b> y enmarcada en un proyecto de cooperaci\u00f3n europea e internacional financiado por el programa Erasmus+.<\/p>\n<p data-path-to-node=\"5\">Esta importante colaboraci\u00f3n ha sido noticia en el diario <i>ARA<\/i>, que ha subrayado la labor del equipo docente del centro para <b>reforzar el papel de la escuela en el bienestar emocional y la salud mental del alumnado<\/b>.<\/p>\n<h3>\u00bfQu\u00e9 es \u00abEscoles Conscients\u00bb?<\/h3>\n<p>&nbsp;<\/p>\n<p data-path-to-node=\"7\">El programa \u00abEscoles Conscients\u00bb tiene un enfoque claro: la <b>salud mental es cosa de todos<\/b> y hay que actuar desde el entorno escolar.<\/p>\n<ul data-path-to-node=\"8\">\n<li>\n<p data-path-to-node=\"8,0,0\"><b>Objetivo principal:<\/b> Promover la detecci\u00f3n precoz y el acompa\u00f1amiento emocional de los ni\u00f1os, ni\u00f1as y adolescentes con una carga de salud mental en su entorno familiar.<\/p>\n<\/li>\n<li>\n<p data-path-to-node=\"8,1,0\"><b>Formaci\u00f3n Docente:<\/b> El proyecto implica una formaci\u00f3n exhaustiva del equipo de profesionales para dotarlos de herramientas para reconocer y apoyar al alumnado que se encuentra en situaciones de vulnerabilidad emocional.<\/p>\n<\/li>\n<li>\n<p data-path-to-node=\"8,2,0\"><b>Red Europea:<\/b> Frangoal forma parte de una alianza con otros centros educativos de Catalu\u00f1a (como el IES Gabriel Ferrater, el Col\u00b7legi Mare de D\u00e9u del Carme de El Prat de Llobregat, el Col\u00b7legi Sant Gabriel y el Institut de Sales de Viladecans), e instituciones de Alemania, Espa\u00f1a, Islandia, Italia y Austria.<\/p>\n<\/li>\n<\/ul>\n<blockquote data-path-to-node=\"9\">\n<p data-path-to-node=\"9,0\"><i>\u00abEste proyecto ofrece a los centros escolares la oportunidad de crear una cultura y un di\u00e1logo en salud mental. As\u00ed, la comunidad educativa puede cuidar mejor de su alumnado, reconocer sus necesidades emocionales y crear un entorno de convivencia \u00f3ptima\u00bb<\/i>, seg\u00fan explica la Direcci\u00f3n General de la Fundaci\u00f3 Orienta, Teresa Ribalta.<\/p>\n<\/blockquote>\n<p data-path-to-node=\"11\">Nuestra participaci\u00f3n activa en este proyecto demuestra el compromiso ineludible del Colegio Frangoal con la <b>salud integral<\/b> de nuestra comunidad educativa. Vamos m\u00e1s all\u00e1 de lo acad\u00e9mico, poniendo el <b>bienestar emocional en el centro<\/b> de nuestro proyecto educativo.<\/p>\n<p data-path-to-node=\"12\">Esta alianza con la Fundaci\u00f3 Orienta es una <b>apuesta de futuro compartida<\/b>, construyendo puentes de confianza y fomentando la resiliencia entre nuestros j\u00f3venes.<\/p>\n\r\n\t\t<style type='text\/css'>\r\n\t\t\t#gallery-1 {\r\n\t\t\t\tmargin: auto;\r\n\t\t\t}\r\n\t\t\t#gallery-1 .gallery-item {\r\n\t\t\t\tfloat: left;\r\n\t\t\t\tmargin-top: 10px;\r\n\t\t\t\ttext-align: center;\r\n\t\t\t\twidth: 100%;\r\n\t\t\t}\r\n\t\t\t#gallery-1 img {\r\n\t\t\t\tborder: 2px solid #cfcfcf;\r\n\t\t\t}\r\n\t\t\t#gallery-1 .gallery-caption {\r\n\t\t\t\tmargin-left: 0;\r\n\t\t\t}\r\n\t\t\t\/* see gallery_shortcode() in wp-includes\/media.php *\/\r\n\t\t<\/style>\n\t\t<div id='gallery-1' class='gallery galleryid-17213 gallery-columns-1 gallery-size-large'><dl class='gallery-item'>\r\n\t\t\t<dt class='gallery-icon landscape'>\r\n\t\t\t\t<img loading=\"lazy\" decoding=\"async\" width=\"1024\" height=\"683\" src=\"https:\/\/frangoal.com\/wp-content\/uploads\/2025\/11\/Captura-de-pantalla-2025-11-14-084319-1024x683.jpg\" class=\"attachment-large size-large\" alt=\"\" srcset=\"https:\/\/frangoal.com\/wp-content\/uploads\/2025\/11\/Captura-de-pantalla-2025-11-14-084319-1024x683.jpg 1024w, https:\/\/frangoal.com\/wp-content\/uploads\/2025\/11\/Captura-de-pantalla-2025-11-14-084319-300x200.jpg 300w, https:\/\/frangoal.com\/wp-content\/uploads\/2025\/11\/Captura-de-pantalla-2025-11-14-084319-768x512.jpg 768w, https:\/\/frangoal.com\/wp-content\/uploads\/2025\/11\/Captura-de-pantalla-2025-11-14-084319.jpg 1170w\" sizes=\"auto, (max-width: 1024px) 100vw, 1024px\" \/>\r\n\t\t\t<\/dt><\/dl><br style=\"clear: both\" \/><\/div>\n\n","protected":false},"excerpt":{"rendered":"<p>Una alianza estrat\u00e9gica con la Fundaci\u00f3 Orienta para el bienestar emocional de ni\u00f1os y j\u00f3venes. Nuestro centro se ha destacado recientemente como participante activo y comprometido en el programa \u00abEscoles Conscients\u00bb (Escuelas Conscientes), una iniciativa pionera promovida por la Fundaci\u00f3 Orienta y enmarcada en un proyecto de cooperaci\u00f3n europea e internacional financiado por el programa [&hellip;]<\/p>\n","protected":false},"author":12,"featured_media":17214,"comment_status":"closed","ping_status":"open","sticky":false,"template":"","format":"standard","meta":{"_jetpack_memberships_contains_paid_content":false,"footnotes":"","jetpack_publicize_message":"","jetpack_publicize_feature_enabled":true,"jetpack_social_post_already_shared":true,"jetpack_social_options":{"image_generator_settings":{"template":"highway","enabled":false},"version":2}},"categories":[19],"tags":[],"class_list":["post-17213","post","type-post","status-publish","format-standard","has-post-thumbnail","hentry","category-la-escuela"],"jetpack_publicize_connections":[],"jetpack_featured_media_url":"https:\/\/frangoal.com\/wp-content\/uploads\/2025\/11\/Captura-de-pantalla-2025-11-14-084319.jpg","jetpack_sharing_enabled":true,"_links":{"self":[{"href":"https:\/\/frangoal.com\/es\/wp-json\/wp\/v2\/posts\/17213","targetHints":{"allow":["GET"]}}],"collection":[{"href":"https:\/\/frangoal.com\/es\/wp-json\/wp\/v2\/posts"}],"about":[{"href":"https:\/\/frangoal.com\/es\/wp-json\/wp\/v2\/types\/post"}],"author":[{"embeddable":true,"href":"https:\/\/frangoal.com\/es\/wp-json\/wp\/v2\/users\/12"}],"replies":[{"embeddable":true,"href":"https:\/\/frangoal.com\/es\/wp-json\/wp\/v2\/comments?post=17213"}],"version-history":[{"count":9,"href":"https:\/\/frangoal.com\/es\/wp-json\/wp\/v2\/posts\/17213\/revisions"}],"predecessor-version":[{"id":17223,"href":"https:\/\/frangoal.com\/es\/wp-json\/wp\/v2\/posts\/17213\/revisions\/17223"}],"wp:featuredmedia":[{"embeddable":true,"href":"https:\/\/frangoal.com\/es\/wp-json\/wp\/v2\/media\/17214"}],"wp:attachment":[{"href":"https:\/\/frangoal.com\/es\/wp-json\/wp\/v2\/media?parent=17213"}],"wp:term":[{"taxonomy":"category","embeddable":true,"href":"https:\/\/frangoal.com\/es\/wp-json\/wp\/v2\/categories?post=17213"},{"taxonomy":"post_tag","embeddable":true,"href":"https:\/\/frangoal.com\/es\/wp-json\/wp\/v2\/tags?post=17213"}],"curies":[{"name":"wp","href":"https:\/\/api.w.org\/{rel}","templated":true}]}}