{"id":17213,"date":"2025-11-14T08:51:00","date_gmt":"2025-11-14T07:51:00","guid":{"rendered":"https:\/\/frangoal.com\/es\/?p=17213"},"modified":"2025-11-14T09:23:09","modified_gmt":"2025-11-14T08:23:09","slug":"el-colegio-frangoal-a-la-vanguardia-de-la-salud-mental","status":"publish","type":"post","link":"https:\/\/frangoal.com\/ca\/el-colegio-frangoal-a-la-vanguardia-de-la-salud-mental","title":{"rendered":"El Col\u00b7legi Frangoal, a l&#8217;avantguarda de la Salut Mental!"},"content":{"rendered":"<p data-path-to-node=\"2\"><b>Una alian\u00e7a estrat\u00e8gica amb la Fundaci\u00f3 Orienta per al benestar emocional d&#8217;infants i joves.<\/b><\/p>\n<p data-path-to-node=\"3\">El nostre centre s&#8217;ha destacat recentment com a participant actiu i comprom\u00e8s en el programa <b>&#8220;Escoles Conscients&#8221;<\/b>, una iniciativa pionera promoguda per la <b>Fundaci\u00f3 Orienta<\/b> i emmarcada en un projecte de cooperaci\u00f3 europea i internacional finan\u00e7at pel programa Erasmus+.<\/p>\n<p data-path-to-node=\"4\">Aquesta important col\u00b7laboraci\u00f3 ha estat not\u00edcia al diari <i>ARA<\/i>, que ha subratllat la tasca de l&#8217;equip docent del centre per <b>refor\u00e7ar el paper de l&#8217;escola en el benestar emocional i la salut mental de l&#8217;alumnat<\/b>.<\/p>\n<p data-path-to-node=\"4\">\n<h3>Qu\u00e8 \u00e9s &#8220;Escoles Conscients&#8221;?<\/h3>\n<p data-path-to-node=\"6\">El programa &#8220;Escoles Conscients&#8221; t\u00e9 un focus clar: la <b>salut mental \u00e9s cosa de tots<\/b> i cal actuar-hi des de l&#8217;entorn escolar.<\/p>\n<ul data-path-to-node=\"7\">\n<li>\n<p data-path-to-node=\"7,0,0\"><b>Objectiu principal:<\/b> Promoure la detecci\u00f3 preco\u00e7 i l&#8217;acompanyament emocional dels infants i adolescents amb una c\u00e0rrega de salut mental en el seu entorn familiar.<\/p>\n<\/li>\n<li>\n<p data-path-to-node=\"7,1,0\"><b>Formaci\u00f3 Docent:<\/b> El projecte implica una formaci\u00f3 exhaustiva de l&#8217;equip de professionals per dotar-los d&#8217;eines per recon\u00e8ixer i donar suport a l&#8217;alumnat que es troba en situacions de vulnerabilitat emocional.<\/p>\n<\/li>\n<li>\n<p data-path-to-node=\"7,2,0\"><b>Xarxa Europea:<\/b> Frangoal forma part d&#8217;una alian\u00e7a amb altres centres educatius de Catalunya (com l&#8217;IES Gabriel Ferrater, el Col\u00b7legi Mare de D\u00e9u del Carme del Prat de Llobregat, el Sant Gabriel i l&#8217;Institut de Sales de Viladecans), i institucions d&#8217;Alemanya, Espanya, Isl\u00e0ndia, It\u00e0lia i \u00c0ustria.<\/p>\n<\/li>\n<\/ul>\n<blockquote data-path-to-node=\"8\">\n<p data-path-to-node=\"8,0\"><i>&#8220;Aquest projecte ofereix als centres escolars l&#8217;oportunitat de crear una cultura i un di\u00e0leg en salut mental. Aix\u00ed, la comunitat educativa pot cuidar millor del seu alumnat, recon\u00e8ixer les seves necessitats emocionals i crear un entorn de conviv\u00e8ncia \u00f2ptima&#8221;<\/i>, segons explica la Direcci\u00f3 General de la Fundaci\u00f3 Orienta, Teresa Ribalta.<\/p>\n<\/blockquote>\n<p>&nbsp;<\/p>\n<p>&nbsp;<\/p>\n<p data-path-to-node=\"10\">La nostra participaci\u00f3 activa en aquest projecte demostra el comprom\u00eds ineludible del Col\u00b7legi Frangoal amb la <b>salut integral<\/b> de la nostra comunitat educativa. Anem m\u00e9s enll\u00e0 de l&#8217;acad\u00e8mic, posant el <b>benestar emocional al centre<\/b> del nostre projecte educatiu.<\/p>\n<p data-path-to-node=\"11\">Aquesta alian\u00e7a amb la Fundaci\u00f3 Orienta \u00e9s una <b>aposta de futur compartida<\/b>, construint ponts de confian\u00e7a i fomentant la resili\u00e8ncia entre els nostres joves.<\/p>\n\r\n\t\t<style type='text\/css'>\r\n\t\t\t#gallery-1 {\r\n\t\t\t\tmargin: auto;\r\n\t\t\t}\r\n\t\t\t#gallery-1 .gallery-item {\r\n\t\t\t\tfloat: left;\r\n\t\t\t\tmargin-top: 10px;\r\n\t\t\t\ttext-align: center;\r\n\t\t\t\twidth: 100%;\r\n\t\t\t}\r\n\t\t\t#gallery-1 img {\r\n\t\t\t\tborder: 2px solid #cfcfcf;\r\n\t\t\t}\r\n\t\t\t#gallery-1 .gallery-caption {\r\n\t\t\t\tmargin-left: 0;\r\n\t\t\t}\r\n\t\t\t\/* see gallery_shortcode() in wp-includes\/media.php *\/\r\n\t\t<\/style>\n\t\t<div id='gallery-1' class='gallery galleryid-17213 gallery-columns-1 gallery-size-full'><dl class='gallery-item'>\r\n\t\t\t<dt class='gallery-icon landscape'>\r\n\t\t\t\t<img loading=\"lazy\" decoding=\"async\" width=\"1170\" height=\"780\" src=\"https:\/\/frangoal.com\/wp-content\/uploads\/2025\/11\/Captura-de-pantalla-2025-11-14-084319.jpg\" class=\"attachment-full size-full\" alt=\"\" srcset=\"https:\/\/frangoal.com\/wp-content\/uploads\/2025\/11\/Captura-de-pantalla-2025-11-14-084319.jpg 1170w, https:\/\/frangoal.com\/wp-content\/uploads\/2025\/11\/Captura-de-pantalla-2025-11-14-084319-300x200.jpg 300w, https:\/\/frangoal.com\/wp-content\/uploads\/2025\/11\/Captura-de-pantalla-2025-11-14-084319-1024x683.jpg 1024w, https:\/\/frangoal.com\/wp-content\/uploads\/2025\/11\/Captura-de-pantalla-2025-11-14-084319-768x512.jpg 768w\" sizes=\"auto, (max-width: 1170px) 100vw, 1170px\" \/>\r\n\t\t\t<\/dt><\/dl><br style=\"clear: both\" \/><\/div>\n\n","protected":false},"excerpt":{"rendered":"<p>Una alian\u00e7a estrat\u00e8gica amb la Fundaci\u00f3 Orienta per al benestar emocional d&#8217;infants i joves. El nostre centre s&#8217;ha destacat recentment com a participant actiu i comprom\u00e8s en el programa &#8220;Escoles Conscients&#8221;, una iniciativa pionera promoguda per la Fundaci\u00f3 Orienta i emmarcada en un projecte de cooperaci\u00f3 europea i internacional finan\u00e7at pel programa Erasmus+. Aquesta important [&hellip;]<\/p>\n","protected":false},"author":12,"featured_media":17214,"comment_status":"closed","ping_status":"open","sticky":false,"template":"","format":"standard","meta":{"_jetpack_memberships_contains_paid_content":false,"footnotes":"","jetpack_publicize_message":"","jetpack_publicize_feature_enabled":true,"jetpack_social_post_already_shared":true,"jetpack_social_options":{"image_generator_settings":{"template":"highway","enabled":false},"version":2}},"categories":[19],"tags":[],"class_list":["post-17213","post","type-post","status-publish","format-standard","has-post-thumbnail","hentry","category-la-escuela"],"jetpack_publicize_connections":[],"jetpack_featured_media_url":"https:\/\/frangoal.com\/wp-content\/uploads\/2025\/11\/Captura-de-pantalla-2025-11-14-084319.jpg","jetpack_sharing_enabled":true,"_links":{"self":[{"href":"https:\/\/frangoal.com\/ca\/wp-json\/wp\/v2\/posts\/17213","targetHints":{"allow":["GET"]}}],"collection":[{"href":"https:\/\/frangoal.com\/ca\/wp-json\/wp\/v2\/posts"}],"about":[{"href":"https:\/\/frangoal.com\/ca\/wp-json\/wp\/v2\/types\/post"}],"author":[{"embeddable":true,"href":"https:\/\/frangoal.com\/ca\/wp-json\/wp\/v2\/users\/12"}],"replies":[{"embeddable":true,"href":"https:\/\/frangoal.com\/ca\/wp-json\/wp\/v2\/comments?post=17213"}],"version-history":[{"count":9,"href":"https:\/\/frangoal.com\/ca\/wp-json\/wp\/v2\/posts\/17213\/revisions"}],"predecessor-version":[{"id":17223,"href":"https:\/\/frangoal.com\/ca\/wp-json\/wp\/v2\/posts\/17213\/revisions\/17223"}],"wp:featuredmedia":[{"embeddable":true,"href":"https:\/\/frangoal.com\/ca\/wp-json\/wp\/v2\/media\/17214"}],"wp:attachment":[{"href":"https:\/\/frangoal.com\/ca\/wp-json\/wp\/v2\/media?parent=17213"}],"wp:term":[{"taxonomy":"category","embeddable":true,"href":"https:\/\/frangoal.com\/ca\/wp-json\/wp\/v2\/categories?post=17213"},{"taxonomy":"post_tag","embeddable":true,"href":"https:\/\/frangoal.com\/ca\/wp-json\/wp\/v2\/tags?post=17213"}],"curies":[{"name":"wp","href":"https:\/\/api.w.org\/{rel}","templated":true}]}}